{"id":1006,"date":"2025-09-30T13:47:20","date_gmt":"2025-09-30T11:47:20","guid":{"rendered":"https:\/\/ua.kik.waw.pl\/the-summer-of-ukrainian-action-has-ended\/"},"modified":"2025-12-17T16:44:48","modified_gmt":"2025-12-17T15:44:48","slug":"the-summer-of-ukrainian-action-has-ended","status":"publish","type":"post","link":"https:\/\/ua.kik.waw.pl\/en\/the-summer-of-ukrainian-action-has-ended\/","title":{"rendered":"The summer of Ukrainian Action has ended"},"content":{"rendered":"\n<p>The 2025 summer camps organized by UA KIK were attended by <strong>140 <\/strong>young people and <strong>28 <\/strong>educators from Poland and Ukraine. These included: <\/p>\n\n<h2 class=\"wp-block-heading\"><strong>Two camps for children aged 10-12<\/strong><\/h2>\n\n<div class=\"wp-block-media-text is-stacked-on-mobile is-vertically-aligned-center is-image-fill-element\" style=\"grid-template-columns:57% auto\"><figure class=\"wp-block-media-text__media\"><img loading=\"lazy\" decoding=\"async\" width=\"1024\" height=\"966\" src=\"https:\/\/ua.kik.waw.pl\/wp-content\/uploads\/2025\/09\/w-Brachlewie-1024x966.jpg\" alt=\"\" class=\"wp-image-436 size-full\" style=\"object-position:50% 50%\" srcset=\"https:\/\/ua.kik.waw.pl\/wp-content\/uploads\/2025\/09\/w-Brachlewie-1024x966.jpg 1024w, https:\/\/ua.kik.waw.pl\/wp-content\/uploads\/2025\/09\/w-Brachlewie-300x283.jpg 300w, https:\/\/ua.kik.waw.pl\/wp-content\/uploads\/2025\/09\/w-Brachlewie-768x724.jpg 768w, https:\/\/ua.kik.waw.pl\/wp-content\/uploads\/2025\/09\/w-Brachlewie-1536x1449.jpg 1536w, https:\/\/ua.kik.waw.pl\/wp-content\/uploads\/2025\/09\/w-Brachlewie.jpg 1920w\" sizes=\"(max-width: 1024px) 100vw, 1024px\" \/><\/figure><div class=\"wp-block-media-text__content\">\n<p>One was for those going on vacation for the first time without their parents \u2013 in Brachlewo, Pomerania; the second was a tent camp in Markuty, at a location provided by the KIK Family Section.<\/p>\n<\/div><\/div>\n\n<h2 class=\"wp-block-heading\"><strong>Four camps for teenagers<\/strong>:<\/h2>\n\n<div class=\"wp-block-media-text has-media-on-the-right is-stacked-on-mobile is-vertically-aligned-center is-image-fill-element\" style=\"grid-template-columns:auto 41%\"><div class=\"wp-block-media-text__content\">\n<ul class=\"wp-block-list\">\n<li>a camp in the Suwa\u0142ki region for the <a href=\"https:\/\/playforpeace.org\/\">Play for Peace<\/a> group, which has been operating with KIK for two years \u2013 an American organization functioning worldwide in conflict zones and multicultural communities. From this organization, we learn work methods and games that foster integration; <\/li>\n<\/ul>\n<\/div><figure class=\"wp-block-media-text__media\"><img loading=\"lazy\" decoding=\"async\" width=\"1024\" height=\"923\" src=\"https:\/\/ua.kik.waw.pl\/wp-content\/uploads\/2025\/09\/obozy_002-1024x923.jpg\" alt=\"\" class=\"wp-image-442 size-full\" style=\"object-position:50% 50%\" srcset=\"https:\/\/ua.kik.waw.pl\/wp-content\/uploads\/2025\/09\/obozy_002-1024x923.jpg 1024w, https:\/\/ua.kik.waw.pl\/wp-content\/uploads\/2025\/09\/obozy_002-300x270.jpg 300w, https:\/\/ua.kik.waw.pl\/wp-content\/uploads\/2025\/09\/obozy_002-768x692.jpg 768w, https:\/\/ua.kik.waw.pl\/wp-content\/uploads\/2025\/09\/obozy_002.jpg 1065w\" sizes=\"(max-width: 1024px) 100vw, 1024px\" \/><\/figure><\/div>\n\n<div class=\"wp-block-media-text is-stacked-on-mobile is-vertically-aligned-center is-image-fill-element\" style=\"grid-template-columns:41% auto\"><figure class=\"wp-block-media-text__media\"><img loading=\"lazy\" decoding=\"async\" width=\"1024\" height=\"642\" src=\"https:\/\/ua.kik.waw.pl\/wp-content\/uploads\/2025\/09\/IMG_20250804_112450-1-1024x642.jpg\" alt=\"\" class=\"wp-image-447 size-full\" style=\"object-position:50% 50%\" srcset=\"https:\/\/ua.kik.waw.pl\/wp-content\/uploads\/2025\/09\/IMG_20250804_112450-1-1024x642.jpg 1024w, https:\/\/ua.kik.waw.pl\/wp-content\/uploads\/2025\/09\/IMG_20250804_112450-1-300x188.jpg 300w, https:\/\/ua.kik.waw.pl\/wp-content\/uploads\/2025\/09\/IMG_20250804_112450-1-768x482.jpg 768w, https:\/\/ua.kik.waw.pl\/wp-content\/uploads\/2025\/09\/IMG_20250804_112450-1-1536x963.jpg 1536w, https:\/\/ua.kik.waw.pl\/wp-content\/uploads\/2025\/09\/IMG_20250804_112450-1.jpg 1920w\" sizes=\"(max-width: 1024px) 100vw, 1024px\" \/><\/figure><div class=\"wp-block-media-text__content\">\n<ul class=\"wp-block-list\">\n<li>three hiking camps in the Low Beskids \u2013 almost the same route three times, but each camp was slightly different. Because, as you know, a camp is not just about the route :) During the first, participants faced difficult weather conditions, sliding in mud and moving between storms. <\/li>\n\n\n\n<li>Our wonderful volunteer from the USA, Luc, was a guest at the second one again. This led to long discussions in English on important topics concerning all participants&#8217; countries. <\/li>\n\n\n\n<li>Finally, the third camp was a hike in hot summer weather. Although for most 13-15-year-olds it was their first time participating in this type of camp, everyone did great; <\/li>\n<\/ul>\n<\/div><\/div>\n\n<h2 class=\"wp-block-heading\"><strong>Erasmus+ Tent Camp<\/strong><\/h2>\n\n<div class=\"wp-block-media-text has-media-on-the-right is-stacked-on-mobile is-vertically-aligned-center is-image-fill-element\" style=\"grid-template-columns:auto 41%\"><div class=\"wp-block-media-text__content\">\n<p>This was the first meeting of a group from various countries \u2013 Ukraine, Belarus, Zimbabwe, and Burundi \u2013 in picturesque natural surroundings, by Lake Sar\u0105g in Markuty. The purpose of the trip was to lay the groundwork for future collaboration on an artistic project. Sharing daily life and space, organizing the day, and preparing meals together built bonds and trust. This is an excellent foundation for further activities and development.   <\/p>\n<\/div><figure class=\"wp-block-media-text__media\"><img loading=\"lazy\" decoding=\"async\" width=\"1024\" height=\"909\" src=\"https:\/\/ua.kik.waw.pl\/wp-content\/uploads\/2025\/09\/erazmus-1024x909.jpg\" alt=\"\" class=\"wp-image-449 size-full\" style=\"object-position:50% 50%\" srcset=\"https:\/\/ua.kik.waw.pl\/wp-content\/uploads\/2025\/09\/erazmus-1024x909.jpg 1024w, https:\/\/ua.kik.waw.pl\/wp-content\/uploads\/2025\/09\/erazmus-300x266.jpg 300w, https:\/\/ua.kik.waw.pl\/wp-content\/uploads\/2025\/09\/erazmus-768x682.jpg 768w, https:\/\/ua.kik.waw.pl\/wp-content\/uploads\/2025\/09\/erazmus.jpg 1352w\" sizes=\"(max-width: 1024px) 100vw, 1024px\" \/><\/figure><\/div>\n\n<h2 class=\"wp-block-heading\"><strong>Camp &#8220;The Art of Relationships&#8221;<\/strong><\/h2>\n\n<div class=\"wp-block-media-text is-stacked-on-mobile is-vertically-aligned-center is-image-fill-element\" style=\"grid-template-columns:41% auto\"><figure class=\"wp-block-media-text__media\"><img loading=\"lazy\" decoding=\"async\" width=\"683\" height=\"1024\" src=\"https:\/\/ua.kik.waw.pl\/wp-content\/uploads\/2025\/09\/sztuka-relacji-683x1024.jpg\" alt=\"\" class=\"wp-image-454 size-full\" style=\"object-position:50% 50%\" srcset=\"https:\/\/ua.kik.waw.pl\/wp-content\/uploads\/2025\/09\/sztuka-relacji-683x1024.jpg 683w, https:\/\/ua.kik.waw.pl\/wp-content\/uploads\/2025\/09\/sztuka-relacji-200x300.jpg 200w, https:\/\/ua.kik.waw.pl\/wp-content\/uploads\/2025\/09\/sztuka-relacji-768x1151.jpg 768w, https:\/\/ua.kik.waw.pl\/wp-content\/uploads\/2025\/09\/sztuka-relacji-1025x1536.jpg 1025w, https:\/\/ua.kik.waw.pl\/wp-content\/uploads\/2025\/09\/sztuka-relacji.jpg 1281w\" sizes=\"(max-width: 683px) 100vw, 683px\" \/><\/figure><div class=\"wp-block-media-text__content\">\n<p>A camp for youth from Germany, Ukraine, and Poland in Krzy\u017cowa and Soko\u0142owsko. The series, initiated last year, was this time organized with the Krzy\u017cowa Foundation. Participants jointly reflected on how to interpret the words: reconciliation, solidarity, forgiveness, and responsibility for the community today. The program also included non-violent communication workshops, the creation of an artistic performance with a message of respect and community, and a stay in picturesque Soko\u0142owsko with excursions in the area.   <\/p>\n<\/div><\/div>\n","protected":false},"excerpt":{"rendered":"<p>140 young people and 28 educators from Poland and Ukraine participated in the 2025 summer Polish-Ukrainian camps organized by UA KIK.<\/p>\n","protected":false},"author":1,"featured_media":779,"comment_status":"open","ping_status":"open","sticky":false,"template":"","format":"standard","meta":{"_acf_changed":false,"footnotes":""},"categories":[1],"tags":[],"class_list":["post-1006","post","type-post","status-publish","format-standard","has-post-thumbnail","hentry","category-bez-kategorii"],"acf":[],"_links":{"self":[{"href":"https:\/\/ua.kik.waw.pl\/en\/wp-json\/wp\/v2\/posts\/1006","targetHints":{"allow":["GET"]}}],"collection":[{"href":"https:\/\/ua.kik.waw.pl\/en\/wp-json\/wp\/v2\/posts"}],"about":[{"href":"https:\/\/ua.kik.waw.pl\/en\/wp-json\/wp\/v2\/types\/post"}],"author":[{"embeddable":true,"href":"https:\/\/ua.kik.waw.pl\/en\/wp-json\/wp\/v2\/users\/1"}],"replies":[{"embeddable":true,"href":"https:\/\/ua.kik.waw.pl\/en\/wp-json\/wp\/v2\/comments?post=1006"}],"version-history":[{"count":1,"href":"https:\/\/ua.kik.waw.pl\/en\/wp-json\/wp\/v2\/posts\/1006\/revisions"}],"predecessor-version":[{"id":1007,"href":"https:\/\/ua.kik.waw.pl\/en\/wp-json\/wp\/v2\/posts\/1006\/revisions\/1007"}],"wp:featuredmedia":[{"embeddable":true,"href":"https:\/\/ua.kik.waw.pl\/en\/wp-json\/wp\/v2\/media\/779"}],"wp:attachment":[{"href":"https:\/\/ua.kik.waw.pl\/en\/wp-json\/wp\/v2\/media?parent=1006"}],"wp:term":[{"taxonomy":"category","embeddable":true,"href":"https:\/\/ua.kik.waw.pl\/en\/wp-json\/wp\/v2\/categories?post=1006"},{"taxonomy":"post_tag","embeddable":true,"href":"https:\/\/ua.kik.waw.pl\/en\/wp-json\/wp\/v2\/tags?post=1006"}],"curies":[{"name":"wp","href":"https:\/\/api.w.org\/{rel}","templated":true}]}}